{"id":2827,"date":"2021-11-27T14:54:39","date_gmt":"2021-11-27T13:54:39","guid":{"rendered":"http:\/\/musica-cantica.org\/?p=2827"},"modified":"2021-11-27T15:00:16","modified_gmt":"2021-11-27T14:00:16","slug":"ueberwaeltigend-zutiefst-ergreifend-tolle-auffuehrung","status":"publish","type":"post","link":"https:\/\/musica-cantica.org\/?p=2827","title":{"rendered":"\u2026\u00fcberw\u00e4ltigend, zutiefst ergreifend, tolle Auff\u00fchrung\u2026"},"content":{"rendered":"<figure id=\"attachment_2822\" aria-describedby=\"caption-attachment-2822\" style=\"width: 300px\" class=\"wp-caption alignleft\"><a href=\"https:\/\/musica-cantica.org\/wordpress\/wp-content\/uploads\/2021\/11\/Oh-bleib-bei-mir.jpg\"><img loading=\"lazy\" decoding=\"async\" class=\"size-medium wp-image-2822\" src=\"https:\/\/musica-cantica.org\/wordpress\/wp-content\/uploads\/2021\/11\/Oh-bleib-bei-mir-300x207.jpg\" alt=\"\" width=\"300\" height=\"207\" srcset=\"https:\/\/musica-cantica.org\/wordpress\/wp-content\/uploads\/2021\/11\/Oh-bleib-bei-mir-300x207.jpg 300w, https:\/\/musica-cantica.org\/wordpress\/wp-content\/uploads\/2021\/11\/Oh-bleib-bei-mir-1024x706.jpg 1024w, https:\/\/musica-cantica.org\/wordpress\/wp-content\/uploads\/2021\/11\/Oh-bleib-bei-mir-768x529.jpg 768w, https:\/\/musica-cantica.org\/wordpress\/wp-content\/uploads\/2021\/11\/Oh-bleib-bei-mir-1536x1059.jpg 1536w, https:\/\/musica-cantica.org\/wordpress\/wp-content\/uploads\/2021\/11\/Oh-bleib-bei-mir-2048x1412.jpg 2048w\" sizes=\"auto, (max-width: 300px) 100vw, 300px\" \/><\/a><figcaption id=\"caption-attachment-2822\" class=\"wp-caption-text\">Oh bleib bei mir<\/figcaption><\/figure>\n<figure id=\"attachment_2823\" aria-describedby=\"caption-attachment-2823\" style=\"width: 300px\" class=\"wp-caption alignright\"><a href=\"https:\/\/musica-cantica.org\/wordpress\/wp-content\/uploads\/2021\/11\/Ich-brauche-keine-Millionen.jpg\"><img loading=\"lazy\" decoding=\"async\" class=\"size-medium wp-image-2823\" src=\"https:\/\/musica-cantica.org\/wordpress\/wp-content\/uploads\/2021\/11\/Ich-brauche-keine-Millionen-300x201.jpg\" alt=\"\" width=\"300\" height=\"201\" srcset=\"https:\/\/musica-cantica.org\/wordpress\/wp-content\/uploads\/2021\/11\/Ich-brauche-keine-Millionen-300x201.jpg 300w, https:\/\/musica-cantica.org\/wordpress\/wp-content\/uploads\/2021\/11\/Ich-brauche-keine-Millionen-1024x685.jpg 1024w, https:\/\/musica-cantica.org\/wordpress\/wp-content\/uploads\/2021\/11\/Ich-brauche-keine-Millionen-768x514.jpg 768w, https:\/\/musica-cantica.org\/wordpress\/wp-content\/uploads\/2021\/11\/Ich-brauche-keine-Millionen-1536x1028.jpg 1536w, https:\/\/musica-cantica.org\/wordpress\/wp-content\/uploads\/2021\/11\/Ich-brauche-keine-Millionen-2048x1371.jpg 2048w\" sizes=\"auto, (max-width: 300px) 100vw, 300px\" \/><\/a><figcaption id=\"caption-attachment-2823\" class=\"wp-caption-text\">Ich brauche keine Millionen<\/figcaption><\/figure>\n<p>&nbsp;<\/p>\n<p>&nbsp;<\/p>\n<p>&nbsp;<\/p>\n<p>&nbsp;<\/p>\n<p>&nbsp;<\/p>\n<p>&nbsp;<\/p>\n<p>&nbsp;<\/p>\n<p>\u2026das und vieles mehr waren die positiven R\u00fcckmeldungen des Publikums zu der Konzertreihe \u201e1945\u201c. Der Verlauf des Zweiten Weltkriegs wurde anhand von Briefen des damaligen Soldaten Robert Poensgen aus Eupen erz\u00e4hlt. Dabei wurden Themen wie das Aufkommen der Nationalsozialisten, die anf\u00e4ngliche Begeisterung f\u00fcr den Krieg, die Judenverfolgung, der trostlose Tod vieler Menschen und die sinnlose Zerst\u00f6rung vieler St\u00e4dte wie St. Vith oder Aachen aufgegriffen. Zitate wie \u201eW\u00fcrde man f\u00fcr jedes Opfer des Holocaust eine Schweigeminute halten, w\u00e4re es 11 Jahre still!\u201c lie\u00dfen das Publikum nicht kalt. Die Vorf\u00fchrung endet dennoch hoffnungsvoll mit der Aufforderung, dass die Menschen von heute die Verantwortung daf\u00fcr tragen, dass der Frieden bestehen bleibt und aufkommender Hass im Keim erstickt wird.<\/p>\n<figure id=\"attachment_2824\" aria-describedby=\"caption-attachment-2824\" style=\"width: 300px\" class=\"wp-caption alignleft\"><a href=\"https:\/\/musica-cantica.org\/wordpress\/wp-content\/uploads\/2021\/11\/Ose-Shalom.jpg\"><img loading=\"lazy\" decoding=\"async\" class=\"size-medium wp-image-2824\" src=\"https:\/\/musica-cantica.org\/wordpress\/wp-content\/uploads\/2021\/11\/Ose-Shalom-300x202.jpg\" alt=\"\" width=\"300\" height=\"202\" srcset=\"https:\/\/musica-cantica.org\/wordpress\/wp-content\/uploads\/2021\/11\/Ose-Shalom-300x202.jpg 300w, https:\/\/musica-cantica.org\/wordpress\/wp-content\/uploads\/2021\/11\/Ose-Shalom-1024x688.jpg 1024w, https:\/\/musica-cantica.org\/wordpress\/wp-content\/uploads\/2021\/11\/Ose-Shalom-768x516.jpg 768w, https:\/\/musica-cantica.org\/wordpress\/wp-content\/uploads\/2021\/11\/Ose-Shalom-1536x1033.jpg 1536w, https:\/\/musica-cantica.org\/wordpress\/wp-content\/uploads\/2021\/11\/Ose-Shalom-2048x1377.jpg 2048w\" sizes=\"auto, (max-width: 300px) 100vw, 300px\" \/><\/a><figcaption id=\"caption-attachment-2824\" class=\"wp-caption-text\">Ose Shalom<\/figcaption><\/figure>\n<figure id=\"attachment_2821\" aria-describedby=\"caption-attachment-2821\" style=\"width: 300px\" class=\"wp-caption alignright\"><a href=\"https:\/\/musica-cantica.org\/wordpress\/wp-content\/uploads\/2021\/11\/Fuehr-sie-nach-Haus.jpg\"><img loading=\"lazy\" decoding=\"async\" class=\"size-medium wp-image-2821\" src=\"https:\/\/musica-cantica.org\/wordpress\/wp-content\/uploads\/2021\/11\/Fuehr-sie-nach-Haus-300x200.jpg\" alt=\"\" width=\"300\" height=\"200\" srcset=\"https:\/\/musica-cantica.org\/wordpress\/wp-content\/uploads\/2021\/11\/Fuehr-sie-nach-Haus-300x200.jpg 300w, https:\/\/musica-cantica.org\/wordpress\/wp-content\/uploads\/2021\/11\/Fuehr-sie-nach-Haus-1024x683.jpg 1024w, https:\/\/musica-cantica.org\/wordpress\/wp-content\/uploads\/2021\/11\/Fuehr-sie-nach-Haus-768x512.jpg 768w, https:\/\/musica-cantica.org\/wordpress\/wp-content\/uploads\/2021\/11\/Fuehr-sie-nach-Haus-1536x1024.jpg 1536w, https:\/\/musica-cantica.org\/wordpress\/wp-content\/uploads\/2021\/11\/Fuehr-sie-nach-Haus-2048x1366.jpg 2048w\" sizes=\"auto, (max-width: 300px) 100vw, 300px\" \/><\/a><figcaption id=\"caption-attachment-2821\" class=\"wp-caption-text\">F\u00fchr sie nach Haus<\/figcaption><\/figure>\n<p>&nbsp;<\/p>\n<p>&nbsp;<\/p>\n<p>&nbsp;<\/p>\n<p>&nbsp;<\/p>\n<p>&nbsp;<\/p>\n<p>&nbsp;<\/p>\n<p>&nbsp;<\/p>\n<p>Das Gesamtprojekt stand unter der Leitung von Simen Van Meensel, der auch das Eastbelgica Sinfonieorchester dirigierte, f\u00fcr die Inszenierung zeichnete Astrid Baguette verantwortlich und die Chorst\u00fccke wurden unter der Leitung von Stephan Laschet einstudiert. F\u00fcr alle S\u00e4nger \u00fcbrigens eine Herausforderung, da wir nicht nur auswendig singen mussten, sondern auch noch schauspielern und nur selten einen Dirigenten sahen. Aber alle sind sich einig: der Aufwand hat sich gelohnt. Die Auff\u00fchrungen waren nicht nur f\u00fcr das Publikum beeindruckend, sondern waren auch f\u00fcr die Mitwirkenden ein nachhaltiges Erlebnis.<\/p>\n<figure id=\"attachment_2825\" aria-describedby=\"caption-attachment-2825\" style=\"width: 300px\" class=\"wp-caption alignleft\"><a href=\"https:\/\/musica-cantica.org\/wordpress\/wp-content\/uploads\/2021\/11\/The-road-home.jpg\"><img loading=\"lazy\" decoding=\"async\" class=\"size-medium wp-image-2825\" src=\"https:\/\/musica-cantica.org\/wordpress\/wp-content\/uploads\/2021\/11\/The-road-home-300x200.jpg\" alt=\"\" width=\"300\" height=\"200\" srcset=\"https:\/\/musica-cantica.org\/wordpress\/wp-content\/uploads\/2021\/11\/The-road-home-300x200.jpg 300w, https:\/\/musica-cantica.org\/wordpress\/wp-content\/uploads\/2021\/11\/The-road-home-1024x683.jpg 1024w, https:\/\/musica-cantica.org\/wordpress\/wp-content\/uploads\/2021\/11\/The-road-home-768x512.jpg 768w, https:\/\/musica-cantica.org\/wordpress\/wp-content\/uploads\/2021\/11\/The-road-home-1536x1024.jpg 1536w, https:\/\/musica-cantica.org\/wordpress\/wp-content\/uploads\/2021\/11\/The-road-home-2048x1366.jpg 2048w\" sizes=\"auto, (max-width: 300px) 100vw, 300px\" \/><\/a><figcaption id=\"caption-attachment-2825\" class=\"wp-caption-text\">The road home<\/figcaption><\/figure>\n<figure id=\"attachment_2826\" aria-describedby=\"caption-attachment-2826\" style=\"width: 300px\" class=\"wp-caption alignright\"><a href=\"https:\/\/musica-cantica.org\/wordpress\/wp-content\/uploads\/2021\/11\/Willst-Frieden-Du.jpg\"><img loading=\"lazy\" decoding=\"async\" class=\"size-medium wp-image-2826\" src=\"https:\/\/musica-cantica.org\/wordpress\/wp-content\/uploads\/2021\/11\/Willst-Frieden-Du-300x200.jpg\" alt=\"\" width=\"300\" height=\"200\" srcset=\"https:\/\/musica-cantica.org\/wordpress\/wp-content\/uploads\/2021\/11\/Willst-Frieden-Du-300x200.jpg 300w, https:\/\/musica-cantica.org\/wordpress\/wp-content\/uploads\/2021\/11\/Willst-Frieden-Du-1024x683.jpg 1024w, https:\/\/musica-cantica.org\/wordpress\/wp-content\/uploads\/2021\/11\/Willst-Frieden-Du-768x512.jpg 768w, https:\/\/musica-cantica.org\/wordpress\/wp-content\/uploads\/2021\/11\/Willst-Frieden-Du-1536x1024.jpg 1536w, https:\/\/musica-cantica.org\/wordpress\/wp-content\/uploads\/2021\/11\/Willst-Frieden-Du-2048x1366.jpg 2048w\" sizes=\"auto, (max-width: 300px) 100vw, 300px\" \/><\/a><figcaption id=\"caption-attachment-2826\" class=\"wp-caption-text\">Willst Frieden Du<\/figcaption><\/figure>\n","protected":false},"excerpt":{"rendered":"<p>&nbsp; &nbsp; &nbsp; &nbsp; &nbsp; &nbsp; &nbsp; \u2026das und vieles mehr waren die positiven R\u00fcckmeldungen des Publikums zu der Konzertreihe \u201e1945\u201c. Der Verlauf des Zweiten Weltkriegs wurde anhand von Briefen des damaligen Soldaten Robert Poensgen aus Eupen erz\u00e4hlt. Dabei wurden Themen wie das Aufkommen der Nationalsozialisten, die anf\u00e4ngliche Begeisterung f\u00fcr den Krieg, die Judenverfolgung, der [&hellip;]<\/p>\n","protected":false},"author":1,"featured_media":0,"comment_status":"open","ping_status":"open","sticky":false,"template":"","format":"standard","meta":{"footnotes":""},"categories":[4],"tags":[],"class_list":["post-2827","post","type-post","status-publish","format-standard","hentry","category-konzerte","entry"],"_links":{"self":[{"href":"https:\/\/musica-cantica.org\/index.php?rest_route=\/wp\/v2\/posts\/2827","targetHints":{"allow":["GET"]}}],"collection":[{"href":"https:\/\/musica-cantica.org\/index.php?rest_route=\/wp\/v2\/posts"}],"about":[{"href":"https:\/\/musica-cantica.org\/index.php?rest_route=\/wp\/v2\/types\/post"}],"author":[{"embeddable":true,"href":"https:\/\/musica-cantica.org\/index.php?rest_route=\/wp\/v2\/users\/1"}],"replies":[{"embeddable":true,"href":"https:\/\/musica-cantica.org\/index.php?rest_route=%2Fwp%2Fv2%2Fcomments&post=2827"}],"version-history":[{"count":5,"href":"https:\/\/musica-cantica.org\/index.php?rest_route=\/wp\/v2\/posts\/2827\/revisions"}],"predecessor-version":[{"id":2832,"href":"https:\/\/musica-cantica.org\/index.php?rest_route=\/wp\/v2\/posts\/2827\/revisions\/2832"}],"wp:attachment":[{"href":"https:\/\/musica-cantica.org\/index.php?rest_route=%2Fwp%2Fv2%2Fmedia&parent=2827"}],"wp:term":[{"taxonomy":"category","embeddable":true,"href":"https:\/\/musica-cantica.org\/index.php?rest_route=%2Fwp%2Fv2%2Fcategories&post=2827"},{"taxonomy":"post_tag","embeddable":true,"href":"https:\/\/musica-cantica.org\/index.php?rest_route=%2Fwp%2Fv2%2Ftags&post=2827"}],"curies":[{"name":"wp","href":"https:\/\/api.w.org\/{rel}","templated":true}]}}