{"id":2642,"date":"2019-11-30T19:50:39","date_gmt":"2019-11-30T18:50:39","guid":{"rendered":"http:\/\/musica-cantica.org\/?p=2642"},"modified":"2019-12-01T12:54:46","modified_gmt":"2019-12-01T11:54:46","slug":"weihnachten-in-der-stadt-ein-neues-konzept","status":"publish","type":"post","link":"https:\/\/musica-cantica.org\/?p=2642","title":{"rendered":"Weihnachten in der Stadt \u2013 ein neues Konzept"},"content":{"rendered":"<p><a href=\"https:\/\/musica-cantica.org\/wordpress\/wp-content\/uploads\/2019\/12\/WIDS-2019.jpg\"><img loading=\"lazy\" decoding=\"async\" class=\"alignleft size-medium wp-image-2641\" src=\"https:\/\/musica-cantica.org\/wordpress\/wp-content\/uploads\/2019\/12\/WIDS-2019-211x300.jpg\" alt=\"\" width=\"211\" height=\"300\" srcset=\"https:\/\/musica-cantica.org\/wordpress\/wp-content\/uploads\/2019\/12\/WIDS-2019-211x300.jpg 211w, https:\/\/musica-cantica.org\/wordpress\/wp-content\/uploads\/2019\/12\/WIDS-2019-719x1024.jpg 719w, https:\/\/musica-cantica.org\/wordpress\/wp-content\/uploads\/2019\/12\/WIDS-2019-768x1094.jpg 768w, https:\/\/musica-cantica.org\/wordpress\/wp-content\/uploads\/2019\/12\/WIDS-2019.jpg 897w\" sizes=\"auto, (max-width: 211px) 100vw, 211px\" \/><\/a>&#8222;Weihnachten in der Stadt\u201c hat in Eupen schon eine lange Tradition. W\u00e4hrend den vier Adventssonntagen stimmen Eupener Ch\u00f6re und andere Ensembles das Publikum auf Weihnachten ein. Der Erl\u00f6s der Konzerte erh\u00e4lt der Vinzenz-Verein, der damit die Armut in unserer Gegend bek\u00e4mpft. In diesem Jahr wurde das Konzept ein wenig abge\u00e4ndert. Die Konzertreihe steht unter dem Motto \u201eLasst den Krieg in Frieden \u2013 75 Jahre nach dem Zweiten Weltkrieg\u201c.<\/p>\n<p>Musica Cantica wird zusammen mit Da Capo und dem Mandolinenorchester Eupen am 4. Advent, den <strong>22. Dezember 2019 in der St. Josefs-Kirche<\/strong> auftreten. Herzliche Einladung an alle, auch gerne bei den anderen Konzerten. N\u00e4heres zur Veranstaltungsreihe findet man hier: <a href=\"https:\/\/www.widst-eupen.be\/\" target=\"_blank\" rel=\"noopener noreferrer\">Weihnachten in der Stadt<\/a>.<\/p>\n","protected":false},"excerpt":{"rendered":"<p>&#8222;Weihnachten in der Stadt\u201c hat in Eupen schon eine lange Tradition. W\u00e4hrend den vier Adventssonntagen stimmen Eupener Ch\u00f6re und andere Ensembles das Publikum auf Weihnachten ein. Der Erl\u00f6s der Konzerte erh\u00e4lt der Vinzenz-Verein, der damit die Armut in unserer Gegend bek\u00e4mpft. In diesem Jahr wurde das Konzept ein wenig abge\u00e4ndert. Die Konzertreihe steht unter dem [&hellip;]<\/p>\n","protected":false},"author":1,"featured_media":0,"comment_status":"open","ping_status":"open","sticky":false,"template":"","format":"standard","meta":{"footnotes":""},"categories":[4],"tags":[],"class_list":["post-2642","post","type-post","status-publish","format-standard","hentry","category-konzerte","entry"],"_links":{"self":[{"href":"https:\/\/musica-cantica.org\/index.php?rest_route=\/wp\/v2\/posts\/2642","targetHints":{"allow":["GET"]}}],"collection":[{"href":"https:\/\/musica-cantica.org\/index.php?rest_route=\/wp\/v2\/posts"}],"about":[{"href":"https:\/\/musica-cantica.org\/index.php?rest_route=\/wp\/v2\/types\/post"}],"author":[{"embeddable":true,"href":"https:\/\/musica-cantica.org\/index.php?rest_route=\/wp\/v2\/users\/1"}],"replies":[{"embeddable":true,"href":"https:\/\/musica-cantica.org\/index.php?rest_route=%2Fwp%2Fv2%2Fcomments&post=2642"}],"version-history":[{"count":3,"href":"https:\/\/musica-cantica.org\/index.php?rest_route=\/wp\/v2\/posts\/2642\/revisions"}],"predecessor-version":[{"id":2647,"href":"https:\/\/musica-cantica.org\/index.php?rest_route=\/wp\/v2\/posts\/2642\/revisions\/2647"}],"wp:attachment":[{"href":"https:\/\/musica-cantica.org\/index.php?rest_route=%2Fwp%2Fv2%2Fmedia&parent=2642"}],"wp:term":[{"taxonomy":"category","embeddable":true,"href":"https:\/\/musica-cantica.org\/index.php?rest_route=%2Fwp%2Fv2%2Fcategories&post=2642"},{"taxonomy":"post_tag","embeddable":true,"href":"https:\/\/musica-cantica.org\/index.php?rest_route=%2Fwp%2Fv2%2Ftags&post=2642"}],"curies":[{"name":"wp","href":"https:\/\/api.w.org\/{rel}","templated":true}]}}