{"id":2547,"date":"2019-02-24T09:42:01","date_gmt":"2019-02-24T08:42:01","guid":{"rendered":"http:\/\/musica-cantica.org\/?p=2547"},"modified":"2019-03-11T12:58:34","modified_gmt":"2019-03-11T11:58:34","slug":"die-reise-geht-weiter","status":"publish","type":"post","link":"https:\/\/musica-cantica.org\/?p=2547","title":{"rendered":"Die Reise geht weiter\u2026"},"content":{"rendered":"<figure id=\"attachment_2549\" aria-describedby=\"caption-attachment-2549\" style=\"width: 300px\" class=\"wp-caption alignleft\"><a href=\"https:\/\/musica-cantica.org\/wordpress\/wp-content\/uploads\/2019\/03\/2019.jpg\"><img loading=\"lazy\" decoding=\"async\" class=\"size-medium wp-image-2549\" src=\"https:\/\/musica-cantica.org\/wordpress\/wp-content\/uploads\/2019\/03\/2019-300x200.jpg\" alt=\"\" width=\"300\" height=\"200\" srcset=\"https:\/\/musica-cantica.org\/wordpress\/wp-content\/uploads\/2019\/03\/2019-300x200.jpg 300w, https:\/\/musica-cantica.org\/wordpress\/wp-content\/uploads\/2019\/03\/2019-768x512.jpg 768w, https:\/\/musica-cantica.org\/wordpress\/wp-content\/uploads\/2019\/03\/2019-1024x683.jpg 1024w\" sizes=\"auto, (max-width: 300px) 100vw, 300px\" \/><\/a><figcaption id=\"caption-attachment-2549\" class=\"wp-caption-text\">image: www.freeimages.co.uk<\/figcaption><\/figure>\n<p>2019 wird ein spannendes Jahr f\u00fcr Musica Cantica. Zum einen starten wir mit einem neuen Dirigenten. Seit Februar hat Stephan Laschet aus Eynatten die Leitung des Chores \u00fcbernommen. Stephan hat verschiedene Verpflichtungen als Pianist und Organist und hat schon verschiedene Werke komponiert. Au\u00dferdem ist er als Tenor in verschiedenen Ensembles und Opernh\u00e4usern aktiv. Man darf also gespannt sein, mit welchem Repertoire Musica Cantica demn\u00e4chst auftritt.<\/p>\n<p>Zum anderen feiern wir das 40 j\u00e4hrige Bestehen des Chores. Diesem stolzen Jubil\u00e4um wollen wir am 26. Oktober 2019 mit einem Konzert und anschlie\u00dfender Feier w\u00fcrdig begegnen. Alle Ehemaligen d\u00fcrfen sich das Datum schon vormerken.<\/p>\n<p>\u201e1918 \u2013 eine Mohnblume f\u00fcr den Frieden\u201c war sowohl f\u00fcr das Publikum als auch f\u00fcr die beteiligten Akteure ein beeindruckendes Erlebnis. Voraussichtlich in 2020 wird es ein vergleichbares Event geben und auch hier ist Musica Cantica wieder mit von der Partie.<\/p>\n<p>Es gibt also viele spannende Projekte. Daf\u00fcr br\u00e4uchten wir noch zus\u00e4tzliche S\u00e4nger, insbesondere in den M\u00e4nnerstimmen. Wer sich f\u00fcr Chorgesang interessiert, kann sich gerne ab sofort per E-Mail <a href=\"mailto:info@musica-cantica.org\">info@musica-cantica.org<\/a> an uns wenden.<\/p>\n","protected":false},"excerpt":{"rendered":"<p>2019 wird ein spannendes Jahr f\u00fcr Musica Cantica. Zum einen starten wir mit einem neuen Dirigenten. Seit Februar hat Stephan Laschet aus Eynatten die Leitung des Chores \u00fcbernommen. Stephan hat verschiedene Verpflichtungen als Pianist und Organist und hat schon verschiedene Werke komponiert. Au\u00dferdem ist er als Tenor in verschiedenen Ensembles und Opernh\u00e4usern aktiv. Man darf [&hellip;]<\/p>\n","protected":false},"author":1,"featured_media":0,"comment_status":"open","ping_status":"open","sticky":false,"template":"","format":"standard","meta":{"footnotes":""},"categories":[1],"tags":[],"class_list":["post-2547","post","type-post","status-publish","format-standard","hentry","category-sonstiges","entry"],"_links":{"self":[{"href":"https:\/\/musica-cantica.org\/index.php?rest_route=\/wp\/v2\/posts\/2547","targetHints":{"allow":["GET"]}}],"collection":[{"href":"https:\/\/musica-cantica.org\/index.php?rest_route=\/wp\/v2\/posts"}],"about":[{"href":"https:\/\/musica-cantica.org\/index.php?rest_route=\/wp\/v2\/types\/post"}],"author":[{"embeddable":true,"href":"https:\/\/musica-cantica.org\/index.php?rest_route=\/wp\/v2\/users\/1"}],"replies":[{"embeddable":true,"href":"https:\/\/musica-cantica.org\/index.php?rest_route=%2Fwp%2Fv2%2Fcomments&post=2547"}],"version-history":[{"count":6,"href":"https:\/\/musica-cantica.org\/index.php?rest_route=\/wp\/v2\/posts\/2547\/revisions"}],"predecessor-version":[{"id":2559,"href":"https:\/\/musica-cantica.org\/index.php?rest_route=\/wp\/v2\/posts\/2547\/revisions\/2559"}],"wp:attachment":[{"href":"https:\/\/musica-cantica.org\/index.php?rest_route=%2Fwp%2Fv2%2Fmedia&parent=2547"}],"wp:term":[{"taxonomy":"category","embeddable":true,"href":"https:\/\/musica-cantica.org\/index.php?rest_route=%2Fwp%2Fv2%2Fcategories&post=2547"},{"taxonomy":"post_tag","embeddable":true,"href":"https:\/\/musica-cantica.org\/index.php?rest_route=%2Fwp%2Fv2%2Ftags&post=2547"}],"curies":[{"name":"wp","href":"https:\/\/api.w.org\/{rel}","templated":true}]}}